{"id":2570,"date":"2026-03-13T09:00:00","date_gmt":"2026-03-13T08:00:00","guid":{"rendered":"https:\/\/www.editdigitalpassport.com\/?post_type=actualite&#038;p=2570"},"modified":"2026-03-11T18:12:55","modified_gmt":"2026-03-11T17:12:55","slug":"gipuzkoa-acogera-una-jornada-sobre-el-pasaporte-digital-de-producto-para-apoyar-a-las-empresas-en-su-preparacion-ante-la-nueva-normativa-europea","status":"publish","type":"actualite","link":"https:\/\/www.editdigitalpassport.com\/es\/noticias\/gipuzkoa-acogera-una-jornada-sobre-el-pasaporte-digital-de-producto-para-apoyar-a-las-empresas-en-su-preparacion-ante-la-nueva-normativa-europea\/","title":{"rendered":"Gipuzkoa acoger\u00e1 una jornada sobre el Pasaporte Digital de Producto para apoyar a las empresas en su preparaci\u00f3n ante la nueva normativa europea"},"content":{"rendered":"\n<p>En el marco del proyecto europeo <strong>EDIT \u2013 Ecodigital Industrial Transformation<\/strong>, se celebrar\u00e1 en Gipuzkoa la jornada <strong>\u201cPasaporte Digital de Producto: qu\u00e9 es y c\u00f3mo prepararse\u201d<\/strong>, un encuentro dirigido a empresas industriales del cluster del reciclaje y de la moda sostenible interesadas en comprender el impacto de este nuevo instrumento regulatorio europeo y los pasos que pueden empezar a dar para adaptarse.<\/p>\n\n\n\n<p>La jornada ofrecer\u00e1 una visi\u00f3n pr\u00e1ctica de este nuevo marco. A lo largo de la sesi\u00f3n se explicar\u00e1 qu\u00e9 es el PDP, por qu\u00e9 tendr\u00e1 un impacto creciente en la industria y qu\u00e9 implicaciones tiene desde el punto de vista de la digitalizaci\u00f3n, la sostenibilidad y la gesti\u00f3n de la informaci\u00f3n en las empresas.<\/p>\n\n\n\n<p>El programa contar\u00e1 con la participaci\u00f3n de diferentes profesionales y especialistas que abordar\u00e1n las principales dimensiones del Pasaporte Digital de Producto. Entre otros aspectos, se analizar\u00e1 su contexto regulatorio y aplicaci\u00f3n en el entorno industrial, el papel que desempe\u00f1an la digitalizaci\u00f3n y la sostenibilidad en su desarrollo, as\u00ed como herramientas de diagn\u00f3stico desarrolladas en el proyecto EDIT para ayudar a las empresas a evaluar su nivel de preparaci\u00f3n.<\/p>\n\n\n\n<p>Asimismo, durante la sesi\u00f3n se presentar\u00e1n diferentes <strong>programas de apoyo y ayudas p\u00fablicas<\/strong> que pueden facilitar a las empresas iniciar procesos de adaptaci\u00f3n hacia este nuevo marco europeo.<\/p>\n\n\n\n<p><\/p>\n\n\n\n<ul class=\"wp-block-list\">\n<li><strong>10:00 &#8211; 10:15<\/strong>.\u00a0Bienvenida y encuadre del seminario.<\/li>\n\n\n\n<li><strong>10:15 &#8211; 10:45<\/strong>.\u00a0PDP.\u00a0Qu\u00e9 es y por qu\u00e9 afecta a mi empresa.\u00a0<strong>Jorge de Antonio. Circular Replay.<\/strong><\/li>\n\n\n\n<li><strong>10:40 &#8211; 11:10<\/strong>.\u00a0Digitalizaci\u00f3n como base del PDP.\u00a0<strong>Ander Juarez. MIK.<\/strong><\/li>\n\n\n\n<li><strong>11:10 &#8211; 11:30<\/strong>. Circularidad y sostenibilidad en el PDP.\u00a0<strong>Elene\u00a0Okamika. MIK.<\/strong><\/li>\n\n\n\n<li><strong>11:30 &#8211; 12:00<\/strong>. Coffee Break.<\/li>\n\n\n\n<li><strong>12:00 &#8211; 12:30<\/strong>. EDIT. Herramientas y ejercicio guiado.\u00a0<strong>Ana\u00efs\u00a0Iglesias \/ Ion Sanchez. MIK.<\/strong>\u00a0\u00a0\u00a0<\/li>\n\n\n\n<li><strong>12:30 &#8211; 13:00<\/strong>.\u00a0Ayudas p\u00fablicas y programas de apoyo a la implantaci\u00f3n del PDP.\u00a0<strong>Monica Pedreira. Diputaci\u00f3n.<\/strong><\/li>\n\n\n\n<li><strong>13:00 &#8211; 13:30<\/strong>.\u00a0Cierre y\u00a0Networking.<br><\/li>\n<\/ul>\n\n\n\n<p>La jornada se celebrar\u00e1 en <strong>Naturklima<\/strong> el 27 de marzo, y combinar\u00e1 presentaciones t\u00e9cnicas con ejemplos pr\u00e1cticos, con el objetivo de ofrecer a las empresas una primera aproximaci\u00f3n clara y \u00fatil sobre c\u00f3mo afrontar este reto. El encuentro concluir\u00e1 con un espacio de <strong>networking<\/strong>, pensado para favorecer el intercambio de ideas y experiencias entre las empresas participantes.<\/p>\n","protected":false},"featured_media":2566,"template":"","meta":{"_acf_changed":false,"_seopress_robots_primary_cat":"","_seopress_titles_title":"","_seopress_titles_desc":"","_seopress_robots_index":""},"class_list":["post-2570","actualite","type-actualite","status-publish","has-post-thumbnail","hentry"],"acf":[],"_links":{"self":[{"href":"https:\/\/www.editdigitalpassport.com\/es\/wp-json\/wp\/v2\/actualite\/2570","targetHints":{"allow":["GET"]}}],"collection":[{"href":"https:\/\/www.editdigitalpassport.com\/es\/wp-json\/wp\/v2\/actualite"}],"about":[{"href":"https:\/\/www.editdigitalpassport.com\/es\/wp-json\/wp\/v2\/types\/actualite"}],"wp:featuredmedia":[{"embeddable":true,"href":"https:\/\/www.editdigitalpassport.com\/es\/wp-json\/wp\/v2\/media\/2566"}],"wp:attachment":[{"href":"https:\/\/www.editdigitalpassport.com\/es\/wp-json\/wp\/v2\/media?parent=2570"}],"curies":[{"name":"wp","href":"https:\/\/api.w.org\/{rel}","templated":true}]}}